{"id":8419,"date":"2024-08-26T13:29:40","date_gmt":"2024-08-26T12:29:40","guid":{"rendered":"https:\/\/alumni.ucd.ie\/magazine\/?p=8419"},"modified":"2024-09-02T17:22:54","modified_gmt":"2024-09-02T16:22:54","slug":"college-of-health-and-agricultural-sciences","status":"publish","type":"post","link":"https:\/\/alumni.ucd.ie\/magazine\/2024\/college-of-health-and-agricultural-sciences\/","title":{"rendered":"COL\u00c1ISTE NA nEOLA\u00cdOCHTA\u00cd TALAMHA\u00cdOCHTA AGUS SL\u00c1INTE \/ College of Health and Agricultural Sciences"},"content":{"rendered":"\n\n\n\n\n<div id=\"block_465fe299c8feddc8f0d6a4a2f35efb91\" class=\"bd-text-image bd-animate\">\n    <div class=\"row align-items-center\">\n\n      <div class=\"col-12 col-md-auto\">\n        <div class=\"\">\n                      <img decoding=\"async\" src=\"https:\/\/alumni.ucd.ie\/magazine\/wp-content\/uploads\/2024\/08\/prof-Cecily-Kelleher.jpg\" alt=\"Professor Cecily Kelleher\" class=\"image\" \/>\n                  <\/div>\n      <\/div>\n      <div class=\"col-12 col-md\">\n\n      <div class=\"college-bio\">\r\n        <div class=\"year\">\r\n            <span class=\"left\">BUAICEANNA<\/span> \/ <span class=\"right\" style=\"\">HIGHLIGHTS 2023-2024<\/span>\r\n        <\/div>\r\n        <div class=\"role\">\r\n            <span class=\"title_l\" style=\"\">PR\u00cdOMHOIFIGEACH AN CHOL\u00c1ISTE<\/span><span class=\"title_r\">COLLEGE PRINCIPAL<\/span>\r\n        <\/div>\r\n        <div class=\"name\">\r\n            <span class=\"name_l\">An tOllamh<\/span> \/ <span class=\"name_r\" style=\"\">Professor Cecily Kelleher<\/span>\r\n        <\/div>\r\n    <\/div>\n      <\/div>\n \n    <\/div>\n<\/div>\n\n\n\n\n<p>In February 2024, the College of Health and Agricultural Sciences was pleased to launch the UCD One Health Centre, the result of several years\u2019 work placing the One Health concept at the centre of our vision, and representing a major interdisciplinary effort. The Centre is led by Director, Adjunct Full Professor Tony Holohan and Deputy Director, Dr Gerald Barry, and is dedicated to advancing research, education and collaboration on the One Health approach. The launch was attended by UCD President, Professor Orla Feely and WHO Regional Director for Europe, Dr Hans Henri P. Kluge.<\/p>\n\n\n\n<p>Within the School of Agriculture and Food Science, the Greentech startup SusBioME won UCD\u2019s 2024 VentureLaunch Accelerator Programme. The annual VentureLaunch Programme, which is run by NovaUCD, aims to support the creation and launch of sustainable and profitable new start-ups emerging from the University.<\/p>\n\n\n\n<p>The School of Medicine announced the establishment of two new Chairs in cancer research in July 2023, thanks to philanthropic funding. The Pat Smullen Chair in Pancreatic Cancer aims to create a global centre of excellence for treatment and research in the School, and the Nancy Boland Chair in Musculoskeletal Oncology will build and lead an internationally competitive research group in musculoskeletal oncology.<\/p>\n\n\n\n<p>The School of Nursing, Midwifery and Health Systems launched its first alumni newsletter in October 2023. Alumna Rachel Kenna, Chief Nursing Officer at the Department of Health, was presented with the Health and Agricultural Sciences Alumni Award in November 2023. She subsequently addressed the students of the School at a \u2018fireside chat\u2019 event.<\/p>\n\n\n\n<p>The School of Public Health, Physiotherapy and Sports Science celebrated the 40th anniversary of its Masters in Public Health (MPH) programme at an event in September 2023. The MPH is an international, multi-disciplinary programme and since its inception, 850 students have graduated from the programme.<\/p>\n\n\n\n<p>The School of Veterinary Medicine achieved the Silver Athena SWAN award for demonstrating its commitment to improving gender equality for those working and studying in the School. The Athena Swan Charter is a framework used across the globe to support and transform gender equality within higher education and research. The College of Health and Agricultural Sciences now has two Schools with a Silver Award.<\/p>\n\n\n\n<figure class=\"wp-block-gallery has-nested-images columns-2 is-cropped wp-block-gallery-1 is-layout-flex wp-block-gallery-is-layout-flex\">\n<figure class=\"wp-block-image size-large\"><a href=\"https:\/\/alumni.ucd.ie\/magazine\/wp-content\/uploads\/2024\/08\/2.-Greentech-Start-Up-Wins-UCD_s-2024-VentureLaunch-Accelerator-Programme.jpg\"><img loading=\"lazy\" decoding=\"async\" width=\"1024\" height=\"683\" data-id=\"9456\" src=\"https:\/\/alumni.ucd.ie\/magazine\/wp-content\/uploads\/2024\/08\/2.-Greentech-Start-Up-Wins-UCD_s-2024-VentureLaunch-Accelerator-Programme-1024x683.jpg\" alt=\"Greentech start-up Wins UCD\u2019s 2024 VentureLaunch Accelerator Programme. \" class=\"wp-image-9456\" srcset=\"https:\/\/alumni.ucd.ie\/magazine\/wp-content\/uploads\/2024\/08\/2.-Greentech-Start-Up-Wins-UCD_s-2024-VentureLaunch-Accelerator-Programme-1024x683.jpg 1024w, https:\/\/alumni.ucd.ie\/magazine\/wp-content\/uploads\/2024\/08\/2.-Greentech-Start-Up-Wins-UCD_s-2024-VentureLaunch-Accelerator-Programme-300x200.jpg 300w, https:\/\/alumni.ucd.ie\/magazine\/wp-content\/uploads\/2024\/08\/2.-Greentech-Start-Up-Wins-UCD_s-2024-VentureLaunch-Accelerator-Programme-768x512.jpg 768w, https:\/\/alumni.ucd.ie\/magazine\/wp-content\/uploads\/2024\/08\/2.-Greentech-Start-Up-Wins-UCD_s-2024-VentureLaunch-Accelerator-Programme.jpg 1200w\" sizes=\"(max-width: 1024px) 100vw, 1024px\" \/><\/a><figcaption class=\"wp-element-caption\">Greentech start-up Wins UCD\u2019s 2024 VentureLaunch Accelerator Programme. <\/figcaption><\/figure>\n\n\n\n<figure class=\"wp-block-image size-large\"><a href=\"https:\/\/alumni.ucd.ie\/magazine\/wp-content\/uploads\/2024\/08\/3ALUMN1.jpg\"><img loading=\"lazy\" decoding=\"async\" width=\"1024\" height=\"550\" data-id=\"9457\" src=\"https:\/\/alumni.ucd.ie\/magazine\/wp-content\/uploads\/2024\/08\/3ALUMN1-1024x550.jpg\" alt=\"Alumni Awardee Rachel Kenna, Chief Nursing Officer at the Department of Health visits UCD for a \u2018fireside chat\u2019 with Prof. Maria Brenner, UCD School of Nursing, Midwifery and Health Systems.\" class=\"wp-image-9457\" srcset=\"https:\/\/alumni.ucd.ie\/magazine\/wp-content\/uploads\/2024\/08\/3ALUMN1-1024x550.jpg 1024w, https:\/\/alumni.ucd.ie\/magazine\/wp-content\/uploads\/2024\/08\/3ALUMN1-300x161.jpg 300w, https:\/\/alumni.ucd.ie\/magazine\/wp-content\/uploads\/2024\/08\/3ALUMN1-768x413.jpg 768w, https:\/\/alumni.ucd.ie\/magazine\/wp-content\/uploads\/2024\/08\/3ALUMN1.jpg 1200w\" sizes=\"(max-width: 1024px) 100vw, 1024px\" \/><\/a><figcaption class=\"wp-element-caption\">Alumni Awardee Rachel Kenna, Chief Nursing Officer at the Department of Health visits UCD for a \u2018fireside chat\u2019 with Prof. Maria Brenner, UCD School of Nursing, Midwifery and Health Systems.<\/figcaption><\/figure>\n\n\n\n<figure class=\"wp-block-image size-large\"><a href=\"https:\/\/alumni.ucd.ie\/magazine\/wp-content\/uploads\/2024\/08\/OneHealth-Still-693x390-copy.jpg\"><img loading=\"lazy\" decoding=\"async\" width=\"1024\" height=\"576\" data-id=\"9455\" src=\"https:\/\/alumni.ucd.ie\/magazine\/wp-content\/uploads\/2024\/08\/OneHealth-Still-693x390-copy-1024x576.jpg\" alt=\"Dr Gerald Barry, Prof. Helen Roche Interim Vice-President for Research, Innovation &amp; Impact, Dr Tony Holohan, Director, Centre for One Health, Prof. Orla Feely, President, UCD, Dr Hans Henri P. Kluge, WHO Regional Director for Europe, Prof. Lorraine Brennan, Prof. Cecily Kelleher, College Principal, College of Health &amp; Agricultural Sciences, Gabrielle Jacob, Head of Regional Governance, WHO regional office for Europe.\" class=\"wp-image-9455\" srcset=\"https:\/\/alumni.ucd.ie\/magazine\/wp-content\/uploads\/2024\/08\/OneHealth-Still-693x390-copy-1024x576.jpg 1024w, https:\/\/alumni.ucd.ie\/magazine\/wp-content\/uploads\/2024\/08\/OneHealth-Still-693x390-copy-300x169.jpg 300w, https:\/\/alumni.ucd.ie\/magazine\/wp-content\/uploads\/2024\/08\/OneHealth-Still-693x390-copy-768x432.jpg 768w, https:\/\/alumni.ucd.ie\/magazine\/wp-content\/uploads\/2024\/08\/OneHealth-Still-693x390-copy.jpg 1200w\" sizes=\"(max-width: 1024px) 100vw, 1024px\" \/><\/a><figcaption class=\"wp-element-caption\">Dr Gerald Barry, Prof. Helen Roche Interim Vice-President for Research, Innovation &amp; Impact, Dr Tony Holohan, Director, Centre for One Health, Prof. Orla Feely, President, UCD, Dr Hans Henri P. Kluge, WHO Regional Director for Europe, Prof. Lorraine Brennan, Prof. Cecily Kelleher, College Principal, College of Health &amp; Agricultural Sciences, Gabrielle Jacob, Head of Regional Governance, WHO regional office for Europe.<\/figcaption><\/figure>\n<\/figure>\n","protected":false},"excerpt":{"rendered":"<p>In February 2024, the College of Health and Agricultural Sciences was pleased to launch the UCD One Health Centre, the result of several years\u2019 work placing the One Health concept at the centre of our vision, and representing a major interdisciplinary effort. The Centre is led by Director, Adjunct Full Professor Tony Holohan and Deputy&#8230;<\/p>\n","protected":false},"author":1,"featured_media":9453,"comment_status":"closed","ping_status":"closed","sticky":false,"template":"","format":"standard","meta":{"_acf_changed":false,"footnotes":""},"categories":[168],"tags":[],"class_list":["post-8419","post","type-post","status-publish","format-standard","has-post-thumbnail","hentry","category-168"],"acf":[],"yoast_head":"<!-- This site is optimized with the Yoast SEO plugin v23.3 - https:\/\/yoast.com\/wordpress\/plugins\/seo\/ -->\n<title>COL\u00c1ISTE NA nEOLA\u00cdOCHTA\u00cd TALAMHA\u00cdOCHTA AGUS SL\u00c1INTE \/ College of Health and Agricultural Sciences - UCD Connections<\/title>\n<meta name=\"robots\" content=\"index, follow, max-snippet:-1, max-image-preview:large, max-video-preview:-1\" \/>\n<link rel=\"canonical\" href=\"https:\/\/alumni.ucd.ie\/magazine\/2024\/college-of-health-and-agricultural-sciences\/\" \/>\n<meta property=\"og:locale\" content=\"en_GB\" \/>\n<meta property=\"og:type\" content=\"article\" \/>\n<meta property=\"og:title\" content=\"COL\u00c1ISTE NA nEOLA\u00cdOCHTA\u00cd TALAMHA\u00cdOCHTA AGUS SL\u00c1INTE \/ College of Health and Agricultural Sciences - UCD Connections\" \/>\n<meta property=\"og:description\" content=\"In February 2024, the College of Health and Agricultural Sciences was pleased to launch the UCD One Health Centre, the result of several years\u2019 work placing the One Health concept at the centre of our vision, and representing a major interdisciplinary effort. The Centre is led by Director, Adjunct Full Professor Tony Holohan and Deputy...\" \/>\n<meta property=\"og:url\" content=\"https:\/\/alumni.ucd.ie\/magazine\/2024\/college-of-health-and-agricultural-sciences\/\" \/>\n<meta property=\"og:site_name\" content=\"UCD Connections\" \/>\n<meta property=\"article:publisher\" content=\"http:\/\/www.facebook.com\/UCD.Alumni\" \/>\n<meta property=\"article:published_time\" content=\"2024-08-26T12:29:40+00:00\" \/>\n<meta property=\"article:modified_time\" content=\"2024-09-02T16:22:54+00:00\" \/>\n<meta property=\"og:image\" content=\"https:\/\/alumni.ucd.ie\/magazine\/wp-content\/uploads\/2024\/08\/prof-Cecily-Kelleher.jpg\" \/>\n\t<meta property=\"og:image:width\" content=\"350\" \/>\n\t<meta property=\"og:image:height\" content=\"300\" \/>\n\t<meta property=\"og:image:type\" content=\"image\/jpeg\" \/>\n<meta name=\"author\" content=\"emarkable\" \/>\n<meta name=\"twitter:card\" content=\"summary_large_image\" \/>\n<meta name=\"twitter:label1\" content=\"Written by\" \/>\n\t<meta name=\"twitter:data1\" content=\"emarkable\" \/>\n\t<meta name=\"twitter:label2\" content=\"Estimated reading time\" \/>\n\t<meta name=\"twitter:data2\" content=\"3 minutes\" \/>\n<script type=\"application\/ld+json\" class=\"yoast-schema-graph\">{\"@context\":\"https:\/\/schema.org\",\"@graph\":[{\"@type\":\"Article\",\"@id\":\"https:\/\/alumni.ucd.ie\/magazine\/2024\/college-of-health-and-agricultural-sciences\/#article\",\"isPartOf\":{\"@id\":\"https:\/\/alumni.ucd.ie\/magazine\/2024\/college-of-health-and-agricultural-sciences\/\"},\"author\":{\"name\":\"emarkable\",\"@id\":\"https:\/\/alumni.ucd.ie\/magazine\/#\/schema\/person\/12f003f12c341d3eb6a589d1b0abf177\"},\"headline\":\"COL\u00c1ISTE NA nEOLA\u00cdOCHTA\u00cd TALAMHA\u00cdOCHTA AGUS SL\u00c1INTE \/ College of Health and Agricultural Sciences\",\"datePublished\":\"2024-08-26T12:29:40+00:00\",\"dateModified\":\"2024-09-02T16:22:54+00:00\",\"mainEntityOfPage\":{\"@id\":\"https:\/\/alumni.ucd.ie\/magazine\/2024\/college-of-health-and-agricultural-sciences\/\"},\"wordCount\":472,\"publisher\":{\"@id\":\"https:\/\/alumni.ucd.ie\/magazine\/#organization\"},\"image\":{\"@id\":\"https:\/\/alumni.ucd.ie\/magazine\/2024\/college-of-health-and-agricultural-sciences\/#primaryimage\"},\"thumbnailUrl\":\"https:\/\/alumni.ucd.ie\/magazine\/wp-content\/uploads\/2024\/08\/prof-Cecily-Kelleher.jpg\",\"articleSection\":[\"2024\"],\"inLanguage\":\"en-GB\"},{\"@type\":\"WebPage\",\"@id\":\"https:\/\/alumni.ucd.ie\/magazine\/2024\/college-of-health-and-agricultural-sciences\/\",\"url\":\"https:\/\/alumni.ucd.ie\/magazine\/2024\/college-of-health-and-agricultural-sciences\/\",\"name\":\"COL\u00c1ISTE NA nEOLA\u00cdOCHTA\u00cd TALAMHA\u00cdOCHTA AGUS SL\u00c1INTE \/ College of Health and Agricultural Sciences - UCD Connections\",\"isPartOf\":{\"@id\":\"https:\/\/alumni.ucd.ie\/magazine\/#website\"},\"primaryImageOfPage\":{\"@id\":\"https:\/\/alumni.ucd.ie\/magazine\/2024\/college-of-health-and-agricultural-sciences\/#primaryimage\"},\"image\":{\"@id\":\"https:\/\/alumni.ucd.ie\/magazine\/2024\/college-of-health-and-agricultural-sciences\/#primaryimage\"},\"thumbnailUrl\":\"https:\/\/alumni.ucd.ie\/magazine\/wp-content\/uploads\/2024\/08\/prof-Cecily-Kelleher.jpg\",\"datePublished\":\"2024-08-26T12:29:40+00:00\",\"dateModified\":\"2024-09-02T16:22:54+00:00\",\"breadcrumb\":{\"@id\":\"https:\/\/alumni.ucd.ie\/magazine\/2024\/college-of-health-and-agricultural-sciences\/#breadcrumb\"},\"inLanguage\":\"en-GB\",\"potentialAction\":[{\"@type\":\"ReadAction\",\"target\":[\"https:\/\/alumni.ucd.ie\/magazine\/2024\/college-of-health-and-agricultural-sciences\/\"]}]},{\"@type\":\"ImageObject\",\"inLanguage\":\"en-GB\",\"@id\":\"https:\/\/alumni.ucd.ie\/magazine\/2024\/college-of-health-and-agricultural-sciences\/#primaryimage\",\"url\":\"https:\/\/alumni.ucd.ie\/magazine\/wp-content\/uploads\/2024\/08\/prof-Cecily-Kelleher.jpg\",\"contentUrl\":\"https:\/\/alumni.ucd.ie\/magazine\/wp-content\/uploads\/2024\/08\/prof-Cecily-Kelleher.jpg\",\"width\":350,\"height\":300,\"caption\":\"Professor Cecily Kelleher\"},{\"@type\":\"BreadcrumbList\",\"@id\":\"https:\/\/alumni.ucd.ie\/magazine\/2024\/college-of-health-and-agricultural-sciences\/#breadcrumb\",\"itemListElement\":[{\"@type\":\"ListItem\",\"position\":1,\"name\":\"Home\",\"item\":\"https:\/\/alumni.ucd.ie\/magazine\/\"},{\"@type\":\"ListItem\",\"position\":2,\"name\":\"COL\u00c1ISTE NA nEOLA\u00cdOCHTA\u00cd TALAMHA\u00cdOCHTA AGUS SL\u00c1INTE \/ College of Health and Agricultural Sciences\"}]},{\"@type\":\"WebSite\",\"@id\":\"https:\/\/alumni.ucd.ie\/magazine\/#website\",\"url\":\"https:\/\/alumni.ucd.ie\/magazine\/\",\"name\":\"UCD Connections\",\"description\":\"\",\"publisher\":{\"@id\":\"https:\/\/alumni.ucd.ie\/magazine\/#organization\"},\"potentialAction\":[{\"@type\":\"SearchAction\",\"target\":{\"@type\":\"EntryPoint\",\"urlTemplate\":\"https:\/\/alumni.ucd.ie\/magazine\/?s={search_term_string}\"},\"query-input\":\"required name=search_term_string\"}],\"inLanguage\":\"en-GB\"},{\"@type\":\"Organization\",\"@id\":\"https:\/\/alumni.ucd.ie\/magazine\/#organization\",\"name\":\"UCD Connections - Alumni Magazine\",\"url\":\"https:\/\/alumni.ucd.ie\/magazine\/\",\"logo\":{\"@type\":\"ImageObject\",\"inLanguage\":\"en-GB\",\"@id\":\"https:\/\/alumni.ucd.ie\/magazine\/#\/schema\/logo\/image\/\",\"url\":\"https:\/\/alumni.ucd.ie\/magazine\/wp-content\/uploads\/2019\/07\/UCD-Connections-logo.jpg\",\"contentUrl\":\"https:\/\/alumni.ucd.ie\/magazine\/wp-content\/uploads\/2019\/07\/UCD-Connections-logo.jpg\",\"width\":312,\"height\":149,\"caption\":\"UCD Connections - Alumni Magazine\"},\"image\":{\"@id\":\"https:\/\/alumni.ucd.ie\/magazine\/#\/schema\/logo\/image\/\"},\"sameAs\":[\"http:\/\/www.facebook.com\/UCD.Alumni\",\"https:\/\/www.instagram.com\/ucdalumni\/\",\"https:\/\/www.linkedin.com\/in\/ucdalumni\",\"http:\/\/www.youtube.com\/user\/UCDAlumni1\"]},{\"@type\":\"Person\",\"@id\":\"https:\/\/alumni.ucd.ie\/magazine\/#\/schema\/person\/12f003f12c341d3eb6a589d1b0abf177\",\"name\":\"emarkable\"}]}<\/script>\n<!-- \/ Yoast SEO plugin. -->","yoast_head_json":{"title":"COL\u00c1ISTE NA nEOLA\u00cdOCHTA\u00cd TALAMHA\u00cdOCHTA AGUS SL\u00c1INTE \/ College of Health and Agricultural Sciences - UCD Connections","robots":{"index":"index","follow":"follow","max-snippet":"max-snippet:-1","max-image-preview":"max-image-preview:large","max-video-preview":"max-video-preview:-1"},"canonical":"https:\/\/alumni.ucd.ie\/magazine\/2024\/college-of-health-and-agricultural-sciences\/","og_locale":"en_GB","og_type":"article","og_title":"COL\u00c1ISTE NA nEOLA\u00cdOCHTA\u00cd TALAMHA\u00cdOCHTA AGUS SL\u00c1INTE \/ College of Health and Agricultural Sciences - UCD Connections","og_description":"In February 2024, the College of Health and Agricultural Sciences was pleased to launch the UCD One Health Centre, the result of several years\u2019 work placing the One Health concept at the centre of our vision, and representing a major interdisciplinary effort. The Centre is led by Director, Adjunct Full Professor Tony Holohan and Deputy...","og_url":"https:\/\/alumni.ucd.ie\/magazine\/2024\/college-of-health-and-agricultural-sciences\/","og_site_name":"UCD Connections","article_publisher":"http:\/\/www.facebook.com\/UCD.Alumni","article_published_time":"2024-08-26T12:29:40+00:00","article_modified_time":"2024-09-02T16:22:54+00:00","og_image":[{"width":350,"height":300,"url":"https:\/\/alumni.ucd.ie\/magazine\/wp-content\/uploads\/2024\/08\/prof-Cecily-Kelleher.jpg","type":"image\/jpeg"}],"author":"emarkable","twitter_card":"summary_large_image","twitter_misc":{"Written by":"emarkable","Estimated reading time":"3 minutes"},"schema":{"@context":"https:\/\/schema.org","@graph":[{"@type":"Article","@id":"https:\/\/alumni.ucd.ie\/magazine\/2024\/college-of-health-and-agricultural-sciences\/#article","isPartOf":{"@id":"https:\/\/alumni.ucd.ie\/magazine\/2024\/college-of-health-and-agricultural-sciences\/"},"author":{"name":"emarkable","@id":"https:\/\/alumni.ucd.ie\/magazine\/#\/schema\/person\/12f003f12c341d3eb6a589d1b0abf177"},"headline":"COL\u00c1ISTE NA nEOLA\u00cdOCHTA\u00cd TALAMHA\u00cdOCHTA AGUS SL\u00c1INTE \/ College of Health and Agricultural Sciences","datePublished":"2024-08-26T12:29:40+00:00","dateModified":"2024-09-02T16:22:54+00:00","mainEntityOfPage":{"@id":"https:\/\/alumni.ucd.ie\/magazine\/2024\/college-of-health-and-agricultural-sciences\/"},"wordCount":472,"publisher":{"@id":"https:\/\/alumni.ucd.ie\/magazine\/#organization"},"image":{"@id":"https:\/\/alumni.ucd.ie\/magazine\/2024\/college-of-health-and-agricultural-sciences\/#primaryimage"},"thumbnailUrl":"https:\/\/alumni.ucd.ie\/magazine\/wp-content\/uploads\/2024\/08\/prof-Cecily-Kelleher.jpg","articleSection":["2024"],"inLanguage":"en-GB"},{"@type":"WebPage","@id":"https:\/\/alumni.ucd.ie\/magazine\/2024\/college-of-health-and-agricultural-sciences\/","url":"https:\/\/alumni.ucd.ie\/magazine\/2024\/college-of-health-and-agricultural-sciences\/","name":"COL\u00c1ISTE NA nEOLA\u00cdOCHTA\u00cd TALAMHA\u00cdOCHTA AGUS SL\u00c1INTE \/ College of Health and Agricultural Sciences - UCD Connections","isPartOf":{"@id":"https:\/\/alumni.ucd.ie\/magazine\/#website"},"primaryImageOfPage":{"@id":"https:\/\/alumni.ucd.ie\/magazine\/2024\/college-of-health-and-agricultural-sciences\/#primaryimage"},"image":{"@id":"https:\/\/alumni.ucd.ie\/magazine\/2024\/college-of-health-and-agricultural-sciences\/#primaryimage"},"thumbnailUrl":"https:\/\/alumni.ucd.ie\/magazine\/wp-content\/uploads\/2024\/08\/prof-Cecily-Kelleher.jpg","datePublished":"2024-08-26T12:29:40+00:00","dateModified":"2024-09-02T16:22:54+00:00","breadcrumb":{"@id":"https:\/\/alumni.ucd.ie\/magazine\/2024\/college-of-health-and-agricultural-sciences\/#breadcrumb"},"inLanguage":"en-GB","potentialAction":[{"@type":"ReadAction","target":["https:\/\/alumni.ucd.ie\/magazine\/2024\/college-of-health-and-agricultural-sciences\/"]}]},{"@type":"ImageObject","inLanguage":"en-GB","@id":"https:\/\/alumni.ucd.ie\/magazine\/2024\/college-of-health-and-agricultural-sciences\/#primaryimage","url":"https:\/\/alumni.ucd.ie\/magazine\/wp-content\/uploads\/2024\/08\/prof-Cecily-Kelleher.jpg","contentUrl":"https:\/\/alumni.ucd.ie\/magazine\/wp-content\/uploads\/2024\/08\/prof-Cecily-Kelleher.jpg","width":350,"height":300,"caption":"Professor Cecily Kelleher"},{"@type":"BreadcrumbList","@id":"https:\/\/alumni.ucd.ie\/magazine\/2024\/college-of-health-and-agricultural-sciences\/#breadcrumb","itemListElement":[{"@type":"ListItem","position":1,"name":"Home","item":"https:\/\/alumni.ucd.ie\/magazine\/"},{"@type":"ListItem","position":2,"name":"COL\u00c1ISTE NA nEOLA\u00cdOCHTA\u00cd TALAMHA\u00cdOCHTA AGUS SL\u00c1INTE \/ College of Health and Agricultural Sciences"}]},{"@type":"WebSite","@id":"https:\/\/alumni.ucd.ie\/magazine\/#website","url":"https:\/\/alumni.ucd.ie\/magazine\/","name":"UCD Connections","description":"","publisher":{"@id":"https:\/\/alumni.ucd.ie\/magazine\/#organization"},"potentialAction":[{"@type":"SearchAction","target":{"@type":"EntryPoint","urlTemplate":"https:\/\/alumni.ucd.ie\/magazine\/?s={search_term_string}"},"query-input":"required name=search_term_string"}],"inLanguage":"en-GB"},{"@type":"Organization","@id":"https:\/\/alumni.ucd.ie\/magazine\/#organization","name":"UCD Connections - Alumni Magazine","url":"https:\/\/alumni.ucd.ie\/magazine\/","logo":{"@type":"ImageObject","inLanguage":"en-GB","@id":"https:\/\/alumni.ucd.ie\/magazine\/#\/schema\/logo\/image\/","url":"https:\/\/alumni.ucd.ie\/magazine\/wp-content\/uploads\/2019\/07\/UCD-Connections-logo.jpg","contentUrl":"https:\/\/alumni.ucd.ie\/magazine\/wp-content\/uploads\/2019\/07\/UCD-Connections-logo.jpg","width":312,"height":149,"caption":"UCD Connections - Alumni Magazine"},"image":{"@id":"https:\/\/alumni.ucd.ie\/magazine\/#\/schema\/logo\/image\/"},"sameAs":["http:\/\/www.facebook.com\/UCD.Alumni","https:\/\/www.instagram.com\/ucdalumni\/","https:\/\/www.linkedin.com\/in\/ucdalumni","http:\/\/www.youtube.com\/user\/UCDAlumni1"]},{"@type":"Person","@id":"https:\/\/alumni.ucd.ie\/magazine\/#\/schema\/person\/12f003f12c341d3eb6a589d1b0abf177","name":"emarkable"}]}},"_links":{"self":[{"href":"https:\/\/alumni.ucd.ie\/magazine\/wp-json\/wp\/v2\/posts\/8419"}],"collection":[{"href":"https:\/\/alumni.ucd.ie\/magazine\/wp-json\/wp\/v2\/posts"}],"about":[{"href":"https:\/\/alumni.ucd.ie\/magazine\/wp-json\/wp\/v2\/types\/post"}],"author":[{"embeddable":true,"href":"https:\/\/alumni.ucd.ie\/magazine\/wp-json\/wp\/v2\/users\/1"}],"replies":[{"embeddable":true,"href":"https:\/\/alumni.ucd.ie\/magazine\/wp-json\/wp\/v2\/comments?post=8419"}],"version-history":[{"count":6,"href":"https:\/\/alumni.ucd.ie\/magazine\/wp-json\/wp\/v2\/posts\/8419\/revisions"}],"predecessor-version":[{"id":9539,"href":"https:\/\/alumni.ucd.ie\/magazine\/wp-json\/wp\/v2\/posts\/8419\/revisions\/9539"}],"wp:featuredmedia":[{"embeddable":true,"href":"https:\/\/alumni.ucd.ie\/magazine\/wp-json\/wp\/v2\/media\/9453"}],"wp:attachment":[{"href":"https:\/\/alumni.ucd.ie\/magazine\/wp-json\/wp\/v2\/media?parent=8419"}],"wp:term":[{"taxonomy":"category","embeddable":true,"href":"https:\/\/alumni.ucd.ie\/magazine\/wp-json\/wp\/v2\/categories?post=8419"},{"taxonomy":"post_tag","embeddable":true,"href":"https:\/\/alumni.ucd.ie\/magazine\/wp-json\/wp\/v2\/tags?post=8419"}],"curies":[{"name":"wp","href":"https:\/\/api.w.org\/{rel}","templated":true}]}}